{"id":814,"date":"2012-12-17T01:23:05","date_gmt":"2012-12-17T00:23:05","guid":{"rendered":"http:\/\/www.desbief.com\/WpClementine\/?p=814"},"modified":"2013-01-14T01:26:20","modified_gmt":"2013-01-14T00:26:20","slug":"il-y-a-une-fin-a-toutes-choses","status":"publish","type":"post","link":"https:\/\/www.desbief.com\/WpClementine\/il-y-a-une-fin-a-toutes-choses","title":{"rendered":"Il y a une fin \u00e0 toutes choses&#8230;"},"content":{"rendered":"<p>Et oui malheureusement, il y a un moment o\u00f9 il faut bien dire <strong>au revoir.<\/strong>.<\/p>\n<p>Quelques cr\u00eapes pour dire au revoir \u00e0 ceux qui ne seront pas l\u00e0 en janvier.. C&rsquo;est triste mais c&rsquo;est la vie et surtout la vie Erasmus qui veut \u00e7a.<\/p>\n<div id=\"attachment_815\" style=\"width: 310px\" class=\"wp-caption aligncenter\"><a href=\"http:\/\/www.desbief.com\/WpClementine\/wp-content\/uploads\/2013\/01\/P1030910.jpg\"><img fetchpriority=\"high\" decoding=\"async\" aria-describedby=\"caption-attachment-815\" class=\"size-medium wp-image-815\" title=\"P1030910\" src=\"http:\/\/www.desbief.com\/WpClementine\/wp-content\/uploads\/2013\/01\/P1030910-300x225.jpg\" alt=\"\" width=\"300\" height=\"225\" srcset=\"https:\/\/www.desbief.com\/WpClementine\/wp-content\/uploads\/2013\/01\/P1030910-300x225.jpg 300w, https:\/\/www.desbief.com\/WpClementine\/wp-content\/uploads\/2013\/01\/P1030910-1024x768.jpg 1024w, https:\/\/www.desbief.com\/WpClementine\/wp-content\/uploads\/2013\/01\/P1030910-400x300.jpg 400w, https:\/\/www.desbief.com\/WpClementine\/wp-content\/uploads\/2013\/01\/P1030910-160x120.jpg 160w\" sizes=\"(max-width: 300px) 100vw, 300px\" \/><\/a><p id=\"caption-attachment-815\" class=\"wp-caption-text\">Kristin, Dominika, Justus, Sarah, Rebekka and Nina<\/p><\/div>\n","protected":false},"excerpt":{"rendered":"<p>Et oui malheureusement, il y a un moment o\u00f9 il faut bien dire au revoir.. Quelques cr\u00eapes pour dire au revoir \u00e0 ceux qui ne seront pas l\u00e0 en janvier.. C&rsquo;est triste mais c&rsquo;est la vie et surtout la vie &hellip; <a href=\"https:\/\/www.desbief.com\/WpClementine\/il-y-a-une-fin-a-toutes-choses\">Continuer la lecture <span class=\"meta-nav\">&rarr;<\/span><\/a><\/p>\n","protected":false},"author":1,"featured_media":0,"comment_status":"open","ping_status":"open","sticky":false,"template":"","format":"standard","meta":{"ngg_post_thumbnail":0,"footnotes":""},"categories":[1],"tags":[],"class_list":["post-814","post","type-post","status-publish","format-standard","hentry","category-uncategorized"],"_links":{"self":[{"href":"https:\/\/www.desbief.com\/WpClementine\/wp-json\/wp\/v2\/posts\/814","targetHints":{"allow":["GET"]}}],"collection":[{"href":"https:\/\/www.desbief.com\/WpClementine\/wp-json\/wp\/v2\/posts"}],"about":[{"href":"https:\/\/www.desbief.com\/WpClementine\/wp-json\/wp\/v2\/types\/post"}],"author":[{"embeddable":true,"href":"https:\/\/www.desbief.com\/WpClementine\/wp-json\/wp\/v2\/users\/1"}],"replies":[{"embeddable":true,"href":"https:\/\/www.desbief.com\/WpClementine\/wp-json\/wp\/v2\/comments?post=814"}],"version-history":[{"count":1,"href":"https:\/\/www.desbief.com\/WpClementine\/wp-json\/wp\/v2\/posts\/814\/revisions"}],"predecessor-version":[{"id":816,"href":"https:\/\/www.desbief.com\/WpClementine\/wp-json\/wp\/v2\/posts\/814\/revisions\/816"}],"wp:attachment":[{"href":"https:\/\/www.desbief.com\/WpClementine\/wp-json\/wp\/v2\/media?parent=814"}],"wp:term":[{"taxonomy":"category","embeddable":true,"href":"https:\/\/www.desbief.com\/WpClementine\/wp-json\/wp\/v2\/categories?post=814"},{"taxonomy":"post_tag","embeddable":true,"href":"https:\/\/www.desbief.com\/WpClementine\/wp-json\/wp\/v2\/tags?post=814"}],"curies":[{"name":"wp","href":"https:\/\/api.w.org\/{rel}","templated":true}]}}