{"id":787,"date":"2012-12-05T00:04:06","date_gmt":"2012-12-04T23:04:06","guid":{"rendered":"http:\/\/www.desbief.com\/WpClementine\/?p=787"},"modified":"2013-01-14T00:10:10","modified_gmt":"2013-01-13T23:10:10","slug":"its-my-turn","status":"publish","type":"post","link":"https:\/\/www.desbief.com\/WpClementine\/its-my-turn","title":{"rendered":"It&rsquo;s my turn"},"content":{"rendered":"<p><strong><em>Tuesday, December 5th<\/em><\/strong><\/p>\n<p>C&rsquo;\u00e9tait \u00e0 moi de cuisiner pour les Suissesses, Allemandes et Autrichiennes.<\/p>\n<p>Au menu, <strong>lasagnes d&rsquo;\u00e9pinards, saumon et tarte au chocolat et poires<\/strong>.<\/p>\n<p><a href=\"http:\/\/www.desbief.com\/WpClementine\/wp-content\/uploads\/2013\/01\/P1030847.jpg\"><img fetchpriority=\"high\" decoding=\"async\" class=\"aligncenter size-medium wp-image-788\" title=\"P1030847\" src=\"http:\/\/www.desbief.com\/WpClementine\/wp-content\/uploads\/2013\/01\/P1030847-300x225.jpg\" alt=\"\" width=\"300\" height=\"225\" srcset=\"https:\/\/www.desbief.com\/WpClementine\/wp-content\/uploads\/2013\/01\/P1030847-300x225.jpg 300w, https:\/\/www.desbief.com\/WpClementine\/wp-content\/uploads\/2013\/01\/P1030847-1024x768.jpg 1024w, https:\/\/www.desbief.com\/WpClementine\/wp-content\/uploads\/2013\/01\/P1030847-400x300.jpg 400w, https:\/\/www.desbief.com\/WpClementine\/wp-content\/uploads\/2013\/01\/P1030847-160x120.jpg 160w\" sizes=\"(max-width: 300px) 100vw, 300px\" \/><\/a><\/p>\n<div id=\"attachment_789\" style=\"width: 235px\" class=\"wp-caption aligncenter\"><a href=\"http:\/\/www.desbief.com\/WpClementine\/wp-content\/uploads\/2013\/01\/P1030849.jpg\"><img decoding=\"async\" aria-describedby=\"caption-attachment-789\" class=\"size-medium wp-image-789\" title=\"P1030849\" src=\"http:\/\/www.desbief.com\/WpClementine\/wp-content\/uploads\/2013\/01\/P1030849-225x300.jpg\" alt=\"\" width=\"225\" height=\"300\" srcset=\"https:\/\/www.desbief.com\/WpClementine\/wp-content\/uploads\/2013\/01\/P1030849-225x300.jpg 225w, https:\/\/www.desbief.com\/WpClementine\/wp-content\/uploads\/2013\/01\/P1030849-768x1024.jpg 768w\" sizes=\"(max-width: 225px) 100vw, 225px\" \/><\/a><p id=\"caption-attachment-789\" class=\"wp-caption-text\">Norina, une Suissesse<\/p><\/div>\n","protected":false},"excerpt":{"rendered":"<p>Tuesday, December 5th C&rsquo;\u00e9tait \u00e0 moi de cuisiner pour les Suissesses, Allemandes et Autrichiennes. Au menu, lasagnes d&rsquo;\u00e9pinards, saumon et tarte au chocolat et poires.<\/p>\n","protected":false},"author":1,"featured_media":0,"comment_status":"open","ping_status":"open","sticky":false,"template":"","format":"standard","meta":{"ngg_post_thumbnail":0,"footnotes":""},"categories":[1],"tags":[],"class_list":["post-787","post","type-post","status-publish","format-standard","hentry","category-uncategorized"],"_links":{"self":[{"href":"https:\/\/www.desbief.com\/WpClementine\/wp-json\/wp\/v2\/posts\/787","targetHints":{"allow":["GET"]}}],"collection":[{"href":"https:\/\/www.desbief.com\/WpClementine\/wp-json\/wp\/v2\/posts"}],"about":[{"href":"https:\/\/www.desbief.com\/WpClementine\/wp-json\/wp\/v2\/types\/post"}],"author":[{"embeddable":true,"href":"https:\/\/www.desbief.com\/WpClementine\/wp-json\/wp\/v2\/users\/1"}],"replies":[{"embeddable":true,"href":"https:\/\/www.desbief.com\/WpClementine\/wp-json\/wp\/v2\/comments?post=787"}],"version-history":[{"count":2,"href":"https:\/\/www.desbief.com\/WpClementine\/wp-json\/wp\/v2\/posts\/787\/revisions"}],"predecessor-version":[{"id":791,"href":"https:\/\/www.desbief.com\/WpClementine\/wp-json\/wp\/v2\/posts\/787\/revisions\/791"}],"wp:attachment":[{"href":"https:\/\/www.desbief.com\/WpClementine\/wp-json\/wp\/v2\/media?parent=787"}],"wp:term":[{"taxonomy":"category","embeddable":true,"href":"https:\/\/www.desbief.com\/WpClementine\/wp-json\/wp\/v2\/categories?post=787"},{"taxonomy":"post_tag","embeddable":true,"href":"https:\/\/www.desbief.com\/WpClementine\/wp-json\/wp\/v2\/tags?post=787"}],"curies":[{"name":"wp","href":"https:\/\/api.w.org\/{rel}","templated":true}]}}